{"id":3941,"date":"2022-10-21T06:59:22","date_gmt":"2022-10-21T06:59:22","guid":{"rendered":"http:\/\/sp6.mikolow.eu\/?p=3941"},"modified":"2022-12-01T07:00:20","modified_gmt":"2022-12-01T07:00:20","slug":"premiera-filmu-borowa-wies-jest-takie-miejsce","status":"publish","type":"post","link":"http:\/\/sp6.mikolow.eu\/index.php\/2022\/10\/21\/premiera-filmu-borowa-wies-jest-takie-miejsce\/","title":{"rendered":"Premiera filmu &#8222;Borowa Wie\u015b. Jest takie miejsce&#8221;."},"content":{"rendered":"<div class=\"article-lead main-text\">\n<p>\u00a0\u00a0 \u00a0\u00a0W pi\u0105tek\u00a0<strong>18 listopada<\/strong>\u00a0o godzinie\u00a0<strong>19:00<\/strong>\u00a0w sali gimnastycznej\u00a0<strong>Szko\u0142y Podstawowej nr 6 w Miko\u0142owie<\/strong>\u00a0(ul. Gliwicka 299) odb\u0119dzie si\u0119 premiera filmu dokumentalnego pt.\u00a0<strong>\u201eBorowa Wie\u015b. Jest takie miejsce\u201d<\/strong>. Obraz, kt\u00f3ry powsta\u0142 w ramach obchod\u00f3w 800-lecia Miko\u0142owa, w ciekawy spos\u00f3b przedstawia przesz\u0142o\u015b\u0107 i wsp\u00f3\u0142czesno\u015b\u0107 jednego z so\u0142ectw miasta.<\/p>\n<\/div>\n<div class=\"main-text\">\n<p class=\"gwpa94fba85_gwpd17f1a32_MsoNormal\"><span class=\"gwpa94fba85_size\"><strong>1) Informacje<\/strong><\/span><\/p>\n<p class=\"gwpa94fba85_gwpd17f1a32_MsoNormal\"><span class=\"gwpa94fba85_size\">Nad filmem przez ponad rok pracowa\u0142a grupa\u00a0<strong>22 uczni\u00f3w z klasy 6b<\/strong>\u00a0<strong>Szko\u0142y Podstawowej nr 6 w Miko\u0142owie-Borowej Wsi<\/strong>, a wsparcia udzieli\u0142o im wiele os\u00f3b zwi\u0105zanych z so\u0142ectwem.\u00a0W czasie prac nad filmem zebrano mn\u00f3stwo ciekawych uj\u0119\u0107 Borowej Wsi, w tym zdj\u0119cia lotnicze, kt\u00f3re wykonali Pa\u0144stwo\u00a0<strong>Karina i Tomasz Kla\u015b<\/strong>. Przeprowadzono te\u017c wywiady z wa\u017cnymi dla tej lokalnej spo\u0142eczno\u015bci osobami:<\/span><\/p>\n<ul>\n<li><span class=\"gwpa94fba85_size\">So\u0142tysem Borowej Wsi, Panem\u00a0<strong>Kazimierzem Pruszyd\u0142o<\/strong><\/span><\/li>\n<li><span class=\"gwpa94fba85_size\">Dyrektorem O\u015brodka \u201eMi\u0142osierdzie Bo\u017ce\u201d, Panem\u00a0<strong>Dariuszem Latosem<\/strong><\/span><\/li>\n<li><span class=\"gwpa94fba85_size\">Tw\u00f3rc\u0105 O\u015brodka \u201eMi\u0142osierdzie Bo\u017ce\u201d, Ksi\u0119dzem\u00a0<strong>Krzysztofem B\u0105kiem<\/strong><\/span><\/li>\n<li><span class=\"gwpa94fba85_size\">Proboszczem Parafii pod wezwaniem \u015bw. Miko\u0142aja, Ksi\u0119dzem\u00a0<strong>Krzysztofem Grabcem<\/strong><\/span><\/li>\n<li><span class=\"gwpa94fba85_size\">Dyrektor Szko\u0142y Podstawowej nr 6, Pani\u0105\u00a0<strong>Magdalen\u0105 G\u0142adzik<\/strong><\/span><\/li>\n<li><span class=\"gwpa94fba85_size\">Prezesem Klubu Sportowego \u201eBurza\u201d, Panem\u00a0<strong>Bogumi\u0142em Dyg\u0105<\/strong><\/span><\/li>\n<\/ul>\n<p class=\"gwpa94fba85_gwpd17f1a32_MsoNormal\"><span class=\"gwpa94fba85_size\">Dla os\u00f3b, kt\u00f3re nie mog\u0105 uczestniczy\u0107 w wydarzeniu, zaplanowano dodatkowy pokaz filmu, kt\u00f3ry odb\u0119dzie si\u0119 w \u015brod\u0119\u00a0<strong>23 listopada<\/strong>\u00a0o godzinie\u00a0<strong>17:00<\/strong>\u00a0w sali kinowej\u00a0<strong>Miejskiej Biblioteki Publicznej\u00a0<\/strong>w Miko\u0142owie (ul. Miarki 5).<\/span><\/p>\n<p class=\"gwpa94fba85_gwpd17f1a32_MsoNormal\"><span class=\"gwpa94fba85_size\">Zach\u0119camy, aby z informacj\u0119 o pokazach filmu dotrze\u0107 do bliskich, znajomych i s\u0105siad\u00f3w. Niech film dokumentalny o Borowej Wsi pomo\u017ce w integracji naszej lokalnej spo\u0142eczno\u015bci.<\/span><\/p>\n<p class=\"gwpa94fba85_gwpd17f1a32_MsoNormal\"><span class=\"gwpa94fba85_size\">Serdecznie zapraszamy!<\/span><\/p>\n<p class=\"gwpa94fba85_gwpd17f1a32_MsoNormal\"><span class=\"gwpa94fba85_size\">\u00a0<\/span><\/p>\n<p class=\"gwpa94fba85_gwpd17f1a32_MsoNormal\"><strong><span class=\"gwpa94fba85_size\">2) Premiera filmu<\/span><\/strong><\/p>\n<ul>\n<li><span class=\"gwpa94fba85_size\">Data: 18 listopada (pi\u0105tek)<\/span><\/li>\n<li><span class=\"gwpa94fba85_size\">Godzina: 19:00<\/span><\/li>\n<li><span class=\"gwpa94fba85_size\">Miejsce: Szko\u0142a Podstawowa nr 6, Miko\u0142\u00f3w ul. Gliwicka 299<\/span><\/li>\n<li><span class=\"gwpa94fba85_size\">Wst\u0119p: bezp\u0142atny<\/span><\/li>\n<\/ul>\n<div><\/div>\n<p class=\"gwpa94fba85_gwpd17f1a32_MsoNormal\"><strong><span class=\"gwpa94fba85_size\">3) Dodatkowy pokaz filmu<\/span><\/strong><\/p>\n<ul>\n<li><span class=\"gwpa94fba85_size\">Data: 23 listopada (\u015broda)<\/span><\/li>\n<li><span class=\"gwpa94fba85_size\">Godzina: 17:00<\/span><\/li>\n<li><span class=\"gwpa94fba85_size\">Miejsce: Miejska Biblioteka Publiczna, Miko\u0142\u00f3w ul. Karola Miarki 5<\/span><\/li>\n<li><span class=\"gwpa94fba85_size\">Wst\u0119p: bezp\u0142atny<\/span><\/li>\n<\/ul>\n<div><\/div>\n<p class=\"gwpa94fba85_gwpd17f1a32_MsoNormal\"><strong><span class=\"gwpa94fba85_size\">4) Informacje o filmie<\/span><\/strong><\/p>\n<ul>\n<li><span class=\"gwpa94fba85_size\">Tytu\u0142: \u201eBorowa Wie\u015b. Jest takie miejsce\u201d<\/span><\/li>\n<li><span class=\"gwpa94fba85_size\">Rok produkcji: 2022<\/span><\/li>\n<li><span class=\"gwpa94fba85_size\">Czas trwania: 33 minuty<\/span><\/li>\n<li><span class=\"gwpa94fba85_size\">Gatunek: dokumentalny<\/span><\/li>\n<li><span class=\"gwpa94fba85_size\">J\u0119zyk: polski<\/span><\/li>\n<\/ul>\n<p class=\"gwpa94fba85_gwpd17f1a32_MsoNormal\"><span class=\"gwpa94fba85_size\">\u00a0<\/span><\/p>\n<p class=\"gwpa94fba85_gwpd17f1a32_MsoNormal\"><strong><span class=\"gwpa94fba85_size\">5) Autorzy filmu<\/span><\/strong><\/p>\n<p class=\"gwpa94fba85_gwpd17f1a32_MsoNormal\"><strong><span class=\"gwpa94fba85_size\">Uczniowie<\/span><\/strong><span class=\"gwpa94fba85_size\">:<\/span><\/p>\n<ul>\n<li><span class=\"gwpa94fba85_size\">Ma\u0142gorzata Dymna<\/span><\/li>\n<li><span class=\"gwpa94fba85_size\">Weronika G\u0142uszek<\/span><\/li>\n<li><span class=\"gwpa94fba85_size\">Oliwier Hajda<\/span><\/li>\n<li><span class=\"gwpa94fba85_size\">Wiktoria Hawe\u0142ka<\/span><\/li>\n<li><span class=\"gwpa94fba85_size\">Justyna Kla\u015b<\/span><\/li>\n<li><span class=\"gwpa94fba85_size\">Dawid Koch<\/span><\/li>\n<li><span class=\"gwpa94fba85_size\">Maja Koziorowska<\/span><\/li>\n<li><span class=\"gwpa94fba85_size\">Mateusz Krawczyk<\/span><\/li>\n<li><span class=\"gwpa94fba85_size\">Lena Magnor<\/span><\/li>\n<li><span class=\"gwpa94fba85_size\">Magdalena Ma\u0144ka<\/span><\/li>\n<li><span class=\"gwpa94fba85_size\">Dominika Muras<\/span><\/li>\n<li><span class=\"gwpa94fba85_size\">Maksymilian Neumann<\/span><\/li>\n<li><span class=\"gwpa94fba85_size\">Julia Pospieszczyk<\/span><\/li>\n<li><span class=\"gwpa94fba85_size\">Artur Pyka<\/span><\/li>\n<li><span class=\"gwpa94fba85_size\">Tymoteusz Reisch<\/span><\/li>\n<li><span class=\"gwpa94fba85_size\">Nikola Sro\u015blak<\/span><\/li>\n<li><span class=\"gwpa94fba85_size\">Adam Stru\u017cy\u0144ski<\/span><\/li>\n<li><span class=\"gwpa94fba85_size\">Jakub Szczygie\u0142<\/span><\/li>\n<li><span class=\"gwpa94fba85_size\">Lena Tomaszewska<\/span><\/li>\n<li><span class=\"gwpa94fba85_size\">Zofia Warzeszka<\/span><\/li>\n<li><span class=\"gwpa94fba85_size\">Jakub Wawrzinek<\/span><\/li>\n<li><span class=\"gwpa94fba85_size\">Natalia Wilk<\/span><\/li>\n<\/ul>\n<p class=\"gwpa94fba85_gwpd17f1a32_MsoNormal\"><strong><span class=\"gwpa94fba85_size\">\u00a0<\/span><\/strong><\/p>\n<p class=\"gwpa94fba85_gwpd17f1a32_MsoNormal\"><strong><span class=\"gwpa94fba85_size\">Wyst\u0105pili go\u015bcinnie:<\/span><\/strong><\/p>\n<ul>\n<li><span class=\"gwpa94fba85_size\">Ks. Krzysztof B\u0105k<\/span><\/li>\n<li><span class=\"gwpa94fba85_size\">Bogumi\u0142 Dyga<\/span><\/li>\n<li><span class=\"gwpa94fba85_size\">Magdalena G\u0142adzik<\/span><\/li>\n<li><span class=\"gwpa94fba85_size\">Ks. Krzysztof Grabiec<\/span><\/li>\n<li><span class=\"gwpa94fba85_size\">Dariusz Latos<\/span><\/li>\n<li><span class=\"gwpa94fba85_size\">Kazimierz Pruszyd\u0142o<\/span><\/li>\n<\/ul>\n<p class=\"gwpa94fba85_gwpd17f1a32_MsoNormal\"><span class=\"gwpa94fba85_size\">\u00a0<\/span><\/p>\n<p class=\"gwpa94fba85_gwpd17f1a32_MsoNormal\"><strong><span class=\"gwpa94fba85_size\">G\u0142osu u\u017cyczy\u0142y:<\/span><\/strong><\/p>\n<ul>\n<li><span class=\"gwpa94fba85_size\">Paulina Krzysteczko<\/span><\/li>\n<li><span class=\"gwpa94fba85_size\">Weronika Kozio\u0142ek<\/span><\/li>\n<\/ul>\n<p class=\"gwpa94fba85_gwpd17f1a32_MsoNormal\"><span class=\"gwpa94fba85_size\">\u00a0<\/span><\/p>\n<p class=\"gwpa94fba85_gwpd17f1a32_MsoNormal\"><strong><span class=\"gwpa94fba85_size\">Zdj\u0119cia i monta\u017c:<\/span><\/strong><\/p>\n<ul>\n<li><span class=\"gwpa94fba85_size\">Przemys\u0142aw Noparlik<\/span><\/li>\n<\/ul>\n<p class=\"gwpa94fba85_gwpd17f1a32_MsoNormal\"><span class=\"gwpa94fba85_size\">\u00a0<\/span><\/p>\n<p class=\"gwpa94fba85_gwpd17f1a32_MsoNormal\"><strong><span class=\"gwpa94fba85_size\">Zdj\u0119cia z drona:<\/span><\/strong><\/p>\n<ul>\n<li><span class=\"gwpa94fba85_size\">Karina Kla\u015b<\/span><\/li>\n<li><span class=\"gwpa94fba85_size\">Tomasz Kla\u015b<\/span><\/li>\n<\/ul>\n<p class=\"gwpa94fba85_gwpd17f1a32_MsoNormal\"><span class=\"gwpa94fba85_size\">\u00a0<\/span><\/p>\n<p class=\"gwpa94fba85_gwpd17f1a32_MsoNormal\"><strong><span class=\"gwpa94fba85_size\">Zdj\u0119cia ro\u015blin i zwierz\u0105t:<\/span><\/strong><\/p>\n<ul>\n<li><span class=\"gwpa94fba85_size\">Miros\u0142awa Kl\u0119czek-Kasperczyk<\/span><\/li>\n<li><span class=\"gwpa94fba85_size\">Rados\u0142aw Wolnik<\/span><\/li>\n<\/ul>\n<p class=\"gwpa94fba85_gwpd17f1a32_MsoNormal\"><span class=\"gwpa94fba85_size\">\u00a0<\/span><\/p>\n<p class=\"gwpa94fba85_gwpd17f1a32_MsoNormal\"><strong><span class=\"gwpa94fba85_size\">Konsultacja przyrodnicza:<\/span><\/strong><\/p>\n<ul>\n<li><span class=\"gwpa94fba85_size\">Miros\u0142awa Kl\u0119czek-Kasperczyk<\/span><\/li>\n<\/ul>\n<p class=\"gwpa94fba85_gwpd17f1a32_MsoNormal\"><strong><span class=\"gwpa94fba85_size\">\u00a0<\/span><\/strong><\/p>\n<p class=\"gwpa94fba85_gwpd17f1a32_MsoNormal\"><strong><span class=\"gwpa94fba85_size\">Konsultacja j\u0119zykowa:<\/span><\/strong><\/p>\n<ul>\n<li><span class=\"gwpa94fba85_size\">Gabriela Pawlik<\/span><\/li>\n<\/ul>\n<p class=\"gwpa94fba85_gwpd17f1a32_MsoNormal\">\n<p class=\"gwpa94fba85_gwpd17f1a32_MsoNormal\"><strong><span class=\"gwpa94fba85_size\">Muzyka:<\/span><\/strong><\/p>\n<ul>\n<li><span class=\"gwpa94fba85_highlight\"><span class=\"gwpa94fba85_size\">Bensound.com<\/span><\/span><\/li>\n<\/ul>\n<p class=\"gwpa94fba85_gwpd17f1a32_MsoNormal\"><span class=\"gwpa94fba85_size\">\u00a0<\/span><\/p>\n<p class=\"gwpa94fba85_gwpd17f1a32_MsoNormal\"><strong><span class=\"gwpa94fba85_size\">Scenariusz:<\/span><\/strong><\/p>\n<ul>\n<li><span class=\"gwpa94fba85_size\">Przemys\u0142aw Noparlik<\/span><\/li>\n<\/ul>\n<\/div>\n","protected":false},"excerpt":{"rendered":"<p>\u00a0\u00a0 \u00a0\u00a0W pi\u0105tek\u00a018 listopada\u00a0o godzinie\u00a019:00\u00a0w sali gimnastycznej\u00a0Szko\u0142y Podstawowej nr 6 w Miko\u0142owie\u00a0(ul. Gliwicka 299) odb\u0119dzie si\u0119 premiera filmu dokumentalnego pt.\u00a0\u201eBorowa Wie\u015b. Jest takie miejsce\u201d. Obraz, kt\u00f3ry powsta\u0142 w ramach obchod\u00f3w 800-lecia Miko\u0142owa, w ciekawy spos\u00f3b przedstawia przesz\u0142o\u015b\u0107 i wsp\u00f3\u0142czesno\u015b\u0107 jednego z so\u0142ectw miasta. 1) Informacje Nad filmem przez ponad rok [&hellip;]<\/p>\n","protected":false},"author":3,"featured_media":3942,"comment_status":"open","ping_status":"open","sticky":false,"template":"","format":"standard","meta":{"ngg_post_thumbnail":0,"footnotes":""},"categories":[1],"tags":[],"class_list":["post-3941","post","type-post","status-publish","format-standard","has-post-thumbnail","hentry","category-uncategorized"],"_links":{"self":[{"href":"http:\/\/sp6.mikolow.eu\/index.php\/wp-json\/wp\/v2\/posts\/3941","targetHints":{"allow":["GET"]}}],"collection":[{"href":"http:\/\/sp6.mikolow.eu\/index.php\/wp-json\/wp\/v2\/posts"}],"about":[{"href":"http:\/\/sp6.mikolow.eu\/index.php\/wp-json\/wp\/v2\/types\/post"}],"author":[{"embeddable":true,"href":"http:\/\/sp6.mikolow.eu\/index.php\/wp-json\/wp\/v2\/users\/3"}],"replies":[{"embeddable":true,"href":"http:\/\/sp6.mikolow.eu\/index.php\/wp-json\/wp\/v2\/comments?post=3941"}],"version-history":[{"count":1,"href":"http:\/\/sp6.mikolow.eu\/index.php\/wp-json\/wp\/v2\/posts\/3941\/revisions"}],"predecessor-version":[{"id":3943,"href":"http:\/\/sp6.mikolow.eu\/index.php\/wp-json\/wp\/v2\/posts\/3941\/revisions\/3943"}],"wp:featuredmedia":[{"embeddable":true,"href":"http:\/\/sp6.mikolow.eu\/index.php\/wp-json\/wp\/v2\/media\/3942"}],"wp:attachment":[{"href":"http:\/\/sp6.mikolow.eu\/index.php\/wp-json\/wp\/v2\/media?parent=3941"}],"wp:term":[{"taxonomy":"category","embeddable":true,"href":"http:\/\/sp6.mikolow.eu\/index.php\/wp-json\/wp\/v2\/categories?post=3941"},{"taxonomy":"post_tag","embeddable":true,"href":"http:\/\/sp6.mikolow.eu\/index.php\/wp-json\/wp\/v2\/tags?post=3941"}],"curies":[{"name":"wp","href":"https:\/\/api.w.org\/{rel}","templated":true}]}}