{"id":7437,"date":"2025-01-04T20:04:06","date_gmt":"2025-01-04T20:04:06","guid":{"rendered":"https:\/\/sp6.mikolow.eu\/?p=7437"},"modified":"2025-01-04T20:04:06","modified_gmt":"2025-01-04T20:04:06","slug":"80-rocznica-marszu-smierci","status":"publish","type":"post","link":"http:\/\/sp6.mikolow.eu\/index.php\/2025\/01\/04\/80-rocznica-marszu-smierci\/","title":{"rendered":"80. rocznica &#8222;marszu \u015bmierci&#8221;"},"content":{"rendered":"<p>Ju\u017c niebawem przypada 80. rocznica tragicznych wydarze\u0144, zwi\u0105zanych z tzw. &#8222;marszem \u015bmierci&#8221;. W mro\u017anych dniach stycznia 1945 roku niemieccy zbrodniarze p\u0119dzili wzd\u0142u\u017c ulicy Gliwickiej tysi\u0105ce wi\u0119\u017ani\u00f3w o\u015bwi\u0119cimskich w kierunku Gliwic. Wielu tych nieszcz\u0119\u015bnik\u00f3w nigdy nie dosz\u0142o do celu, umieraj\u0105c po drodze z wycie\u0144czenia, g\u0142odu lub zimna&#8230; Ka\u017cdego, kto nie by\u0142 w stanie i\u015b\u0107 dalej, oprawcy z SS dobijali strza\u0142em z broni palnej. Kilka instytucji i os\u00f3b po\u0142\u0105czy\u0142o swe si\u0142y, aby upami\u0119tni\u0107 ofiary &#8222;marszu \u015bmierci&#8221;. Z tej okazji przygotowano szereg wydarze\u0144, przybli\u017caj\u0105cych t\u0119 tragiczn\u0105 histori\u0119. <strong>Szczeg\u00f3\u0142y na plakacie.<\/strong><\/p>\n<p><strong>Wydarzenia towarzysz\u0105ce:<\/strong><\/p>\n<ul>\n<li>Publikacja w portalu YouTube filmu pt. \u201eSprawiedliwi z Borowej Wsi\u201d autorstwa uczni\u00f3w<\/li>\n<li>Upami\u0119tnienie rodzin z Borowej Wsi, kt\u00f3re ukrywa\u0142y \u017byd\u00f3w i uciekinier\u00f3w z marszu \u015bmierci<\/li>\n<li>Materia\u0142y edukacyjne nt. \u201emarszu \u015bmierci\u201d dla nauczycieli miko\u0142owskich szk\u00f3\u0142<\/li>\n<li>Lekcje historii dla klas 5-8<\/li>\n<li>Quiz historyczny dla klas 5-8<\/li>\n<\/ul>\n<p><img fetchpriority=\"high\" decoding=\"async\" class=\"alignleft size-large wp-image-7435\" src=\"http:\/\/sp6.mikolow.eu\/wp-content\/uploads\/2025\/01\/Styczen-1945-plakat-maly-724x1024.jpg\" alt=\"\" width=\"724\" height=\"1024\" srcset=\"http:\/\/sp6.mikolow.eu\/wp-content\/uploads\/2025\/01\/Styczen-1945-plakat-maly-724x1024.jpg 724w, http:\/\/sp6.mikolow.eu\/wp-content\/uploads\/2025\/01\/Styczen-1945-plakat-maly-212x300.jpg 212w, http:\/\/sp6.mikolow.eu\/wp-content\/uploads\/2025\/01\/Styczen-1945-plakat-maly-768x1087.jpg 768w, http:\/\/sp6.mikolow.eu\/wp-content\/uploads\/2025\/01\/Styczen-1945-plakat-maly-1085x1536.jpg 1085w, http:\/\/sp6.mikolow.eu\/wp-content\/uploads\/2025\/01\/Styczen-1945-plakat-maly.jpg 1120w\" sizes=\"(max-width: 724px) 100vw, 724px\" \/><\/p>\n","protected":false},"excerpt":{"rendered":"<p>Ju\u017c niebawem przypada 80. rocznica tragicznych wydarze\u0144, zwi\u0105zanych z tzw. &#8222;marszem \u015bmierci&#8221;. W mro\u017anych dniach stycznia 1945 roku niemieccy zbrodniarze p\u0119dzili wzd\u0142u\u017c ulicy Gliwickiej tysi\u0105ce wi\u0119\u017ani\u00f3w o\u015bwi\u0119cimskich w kierunku Gliwic. Wielu tych nieszcz\u0119\u015bnik\u00f3w nigdy nie dosz\u0142o do celu, umieraj\u0105c po drodze z wycie\u0144czenia, g\u0142odu lub zimna&#8230; Ka\u017cdego, kto nie by\u0142 [&hellip;]<\/p>\n","protected":false},"author":7,"featured_media":7436,"comment_status":"open","ping_status":"open","sticky":false,"template":"","format":"standard","meta":{"ngg_post_thumbnail":0,"footnotes":""},"categories":[1],"tags":[],"class_list":["post-7437","post","type-post","status-publish","format-standard","has-post-thumbnail","hentry","category-uncategorized"],"_links":{"self":[{"href":"http:\/\/sp6.mikolow.eu\/index.php\/wp-json\/wp\/v2\/posts\/7437","targetHints":{"allow":["GET"]}}],"collection":[{"href":"http:\/\/sp6.mikolow.eu\/index.php\/wp-json\/wp\/v2\/posts"}],"about":[{"href":"http:\/\/sp6.mikolow.eu\/index.php\/wp-json\/wp\/v2\/types\/post"}],"author":[{"embeddable":true,"href":"http:\/\/sp6.mikolow.eu\/index.php\/wp-json\/wp\/v2\/users\/7"}],"replies":[{"embeddable":true,"href":"http:\/\/sp6.mikolow.eu\/index.php\/wp-json\/wp\/v2\/comments?post=7437"}],"version-history":[{"count":2,"href":"http:\/\/sp6.mikolow.eu\/index.php\/wp-json\/wp\/v2\/posts\/7437\/revisions"}],"predecessor-version":[{"id":7439,"href":"http:\/\/sp6.mikolow.eu\/index.php\/wp-json\/wp\/v2\/posts\/7437\/revisions\/7439"}],"wp:featuredmedia":[{"embeddable":true,"href":"http:\/\/sp6.mikolow.eu\/index.php\/wp-json\/wp\/v2\/media\/7436"}],"wp:attachment":[{"href":"http:\/\/sp6.mikolow.eu\/index.php\/wp-json\/wp\/v2\/media?parent=7437"}],"wp:term":[{"taxonomy":"category","embeddable":true,"href":"http:\/\/sp6.mikolow.eu\/index.php\/wp-json\/wp\/v2\/categories?post=7437"},{"taxonomy":"post_tag","embeddable":true,"href":"http:\/\/sp6.mikolow.eu\/index.php\/wp-json\/wp\/v2\/tags?post=7437"}],"curies":[{"name":"wp","href":"https:\/\/api.w.org\/{rel}","templated":true}]}}