{"id":7547,"date":"2025-03-03T20:12:59","date_gmt":"2025-03-03T20:12:59","guid":{"rendered":"https:\/\/sp6.mikolow.eu\/?p=7547"},"modified":"2025-03-03T20:13:41","modified_gmt":"2025-03-03T20:13:41","slug":"dzien-babci-i-dziadka-2","status":"publish","type":"post","link":"http:\/\/sp6.mikolow.eu\/index.php\/2025\/03\/03\/dzien-babci-i-dziadka-2\/","title":{"rendered":"Dzie\u0144 Babci i Dziadka"},"content":{"rendered":"<p>29 stycznia, w So\u0142tys\u00f3wce znajduj\u0105cej si\u0119 przy Szkole odby\u0142a si\u0119 uroczysto\u015b\u0107 z okazji Dnia Babci i Dziadka.<\/p>\n<p>Na uroczysto\u015b\u0107 licznie przybyli szanowni go\u015bcie, aby wsp\u00f3lnie \u015bwi\u0119towa\u0107 ten wyj\u0105tkowy dzie\u0144.<\/p>\n<p>Dzieci z klasy pierwszej A zaprezentowa\u0142y pi\u0119kny taniec, kilka piosenek oraz prze\u015bmieszny skecz, kt\u00f3ry niezwykle spodoba\u0142 si\u0119 zgromadzonym dziadkom.<\/p>\n<p>Po cz\u0119\u015bci artystycznej wszyscy go\u015bcie zasiedli do sto\u0142\u00f3w, aby pocz\u0119stowa\u0107 si\u0119 pysznymi ciastami i wypi\u0107 herbatk\u0119 oraz kawk\u0119.<\/p>\n<p style=\"text-align: center;\"><img fetchpriority=\"high\" decoding=\"async\" class=\"alignnone size-medium wp-image-7591\" src=\"http:\/\/sp6.mikolow.eu\/wp-content\/uploads\/2025\/03\/IMG-20250131-WA0035-300x225.jpg\" alt=\"Zdj dzieci\" width=\"300\" height=\"225\" srcset=\"http:\/\/sp6.mikolow.eu\/wp-content\/uploads\/2025\/03\/IMG-20250131-WA0035-300x225.jpg 300w, http:\/\/sp6.mikolow.eu\/wp-content\/uploads\/2025\/03\/IMG-20250131-WA0035-1024x768.jpg 1024w, http:\/\/sp6.mikolow.eu\/wp-content\/uploads\/2025\/03\/IMG-20250131-WA0035-768x576.jpg 768w, http:\/\/sp6.mikolow.eu\/wp-content\/uploads\/2025\/03\/IMG-20250131-WA0035-1536x1152.jpg 1536w, http:\/\/sp6.mikolow.eu\/wp-content\/uploads\/2025\/03\/IMG-20250131-WA0035.jpg 2000w\" sizes=\"(max-width: 300px) 100vw, 300px\" \/><\/p>\n<p>&nbsp;<\/p>\n<p>&nbsp;<\/p>\n<p>&nbsp;<\/p>\n","protected":false},"excerpt":{"rendered":"<p>29 stycznia, w So\u0142tys\u00f3wce znajduj\u0105cej si\u0119 przy Szkole odby\u0142a si\u0119 uroczysto\u015b\u0107 z okazji Dnia Babci i Dziadka. Na uroczysto\u015b\u0107 licznie przybyli szanowni go\u015bcie, aby wsp\u00f3lnie \u015bwi\u0119towa\u0107 ten wyj\u0105tkowy dzie\u0144. Dzieci z klasy pierwszej A zaprezentowa\u0142y pi\u0119kny taniec, kilka piosenek oraz prze\u015bmieszny skecz, kt\u00f3ry niezwykle spodoba\u0142 si\u0119 zgromadzonym dziadkom. Po cz\u0119\u015bci [&hellip;]<\/p>\n","protected":false},"author":6,"featured_media":7591,"comment_status":"open","ping_status":"open","sticky":false,"template":"","format":"standard","meta":{"ngg_post_thumbnail":0,"footnotes":""},"categories":[1],"tags":[],"class_list":["post-7547","post","type-post","status-publish","format-standard","has-post-thumbnail","hentry","category-uncategorized"],"_links":{"self":[{"href":"http:\/\/sp6.mikolow.eu\/index.php\/wp-json\/wp\/v2\/posts\/7547","targetHints":{"allow":["GET"]}}],"collection":[{"href":"http:\/\/sp6.mikolow.eu\/index.php\/wp-json\/wp\/v2\/posts"}],"about":[{"href":"http:\/\/sp6.mikolow.eu\/index.php\/wp-json\/wp\/v2\/types\/post"}],"author":[{"embeddable":true,"href":"http:\/\/sp6.mikolow.eu\/index.php\/wp-json\/wp\/v2\/users\/6"}],"replies":[{"embeddable":true,"href":"http:\/\/sp6.mikolow.eu\/index.php\/wp-json\/wp\/v2\/comments?post=7547"}],"version-history":[{"count":1,"href":"http:\/\/sp6.mikolow.eu\/index.php\/wp-json\/wp\/v2\/posts\/7547\/revisions"}],"predecessor-version":[{"id":7592,"href":"http:\/\/sp6.mikolow.eu\/index.php\/wp-json\/wp\/v2\/posts\/7547\/revisions\/7592"}],"wp:featuredmedia":[{"embeddable":true,"href":"http:\/\/sp6.mikolow.eu\/index.php\/wp-json\/wp\/v2\/media\/7591"}],"wp:attachment":[{"href":"http:\/\/sp6.mikolow.eu\/index.php\/wp-json\/wp\/v2\/media?parent=7547"}],"wp:term":[{"taxonomy":"category","embeddable":true,"href":"http:\/\/sp6.mikolow.eu\/index.php\/wp-json\/wp\/v2\/categories?post=7547"},{"taxonomy":"post_tag","embeddable":true,"href":"http:\/\/sp6.mikolow.eu\/index.php\/wp-json\/wp\/v2\/tags?post=7547"}],"curies":[{"name":"wp","href":"https:\/\/api.w.org\/{rel}","templated":true}]}}