{"id":3716,"date":"2022-11-24T18:55:47","date_gmt":"2022-11-24T18:55:47","guid":{"rendered":"http:\/\/sp6.mikolow.eu\/?p=3716"},"modified":"2022-11-28T19:10:10","modified_gmt":"2022-11-28T19:10:10","slug":"swiatowy-dzien-pluszowego-misia","status":"publish","type":"post","link":"https:\/\/sp6.mikolow.eu\/index.php\/2022\/11\/24\/swiatowy-dzien-pluszowego-misia\/","title":{"rendered":"\u015awiatowy Dzie\u0144 Pluszowego Misia"},"content":{"rendered":"<div class=\"article-lead main-text\">\n<p><span style=\"font-family: arial, helvetica, sans-serif;\">Uczniowie klas pierwszych uczestniczyli dzi\u015b w wyj\u0105tkowym \u015bwi\u0119cie.<\/span><\/p>\n<\/div>\n<div class=\"main-text\">\n<p><span style=\"font-family: arial, helvetica, sans-serif;\">25 listopada przypada \u015awiatowy Dzie\u0144 Pluszowego Misia. My \u015bwi\u0119towali\u015bmy ju\u017c dzisiaj!&nbsp;<\/span><\/p>\n<p><span style=\"font-family: arial, helvetica, sans-serif;\">Uczniowie klas pierwszych przynie\u015bli swoje ulubione misie a panie bibliotekarki przygotowa\u0142y moc atrakcji:<\/span><\/p>\n<p><span style=\"font-family: arial, helvetica, sans-serif;\">&#8211; wystawk\u0119 ksi\u0105\u017cek o misiach, kt\u00f3re s\u0105 na stanie naszej biblioteki<\/span><\/p>\n<p><span style=\"font-family: arial, helvetica, sans-serif;\">&#8211; konkursy plastyczne<\/span><\/p>\n<p><span style=\"font-family: arial, helvetica, sans-serif;\">&#8211; ta\u0144ce i piosenki o misiach<\/span><\/p>\n<p><span style=\"font-family: arial, helvetica, sans-serif;\">&#8211; prezentacj\u0119 z wiadomo\u015bciami o nied\u017awiedziach zamieszkuj\u0105cych nasz\u0105 planet\u0119<\/span><\/p>\n<p><span style=\"font-family: arial, helvetica, sans-serif;\">&#8211; przegl\u0105d bajek i film\u00f3w ze znanymi &#8222;misiowymi&#8221; bohaterami<\/span><\/p>\n<p><span style=\"font-family: arial, helvetica, sans-serif;\">Wszyscy przednio si\u0119 bawili!<\/span><\/p>\nngg_shortcode_0_placeholder<\/div>\n","protected":false},"excerpt":{"rendered":"<p>Uczniowie klas pierwszych uczestniczyli dzi\u015b w wyj\u0105tkowym \u015bwi\u0119cie. 25 listopada przypada \u015awiatowy Dzie\u0144 Pluszowego Misia. My \u015bwi\u0119towali\u015bmy ju\u017c dzisiaj!&nbsp; Uczniowie klas pierwszych przynie\u015bli swoje ulubione misie a panie bibliotekarki przygotowa\u0142y moc atrakcji: &#8211; wystawk\u0119 ksi\u0105\u017cek o misiach, kt\u00f3re s\u0105 na stanie naszej biblioteki &#8211; konkursy plastyczne &#8211; ta\u0144ce i piosenki [&hellip;]<\/p>\n","protected":false},"author":1,"featured_media":3717,"comment_status":"open","ping_status":"open","sticky":false,"template":"","format":"standard","meta":{"ngg_post_thumbnail":0,"footnotes":""},"categories":[1],"tags":[],"class_list":["post-3716","post","type-post","status-publish","format-standard","has-post-thumbnail","hentry","category-uncategorized"],"_links":{"self":[{"href":"https:\/\/sp6.mikolow.eu\/index.php\/wp-json\/wp\/v2\/posts\/3716","targetHints":{"allow":["GET"]}}],"collection":[{"href":"https:\/\/sp6.mikolow.eu\/index.php\/wp-json\/wp\/v2\/posts"}],"about":[{"href":"https:\/\/sp6.mikolow.eu\/index.php\/wp-json\/wp\/v2\/types\/post"}],"author":[{"embeddable":true,"href":"https:\/\/sp6.mikolow.eu\/index.php\/wp-json\/wp\/v2\/users\/1"}],"replies":[{"embeddable":true,"href":"https:\/\/sp6.mikolow.eu\/index.php\/wp-json\/wp\/v2\/comments?post=3716"}],"version-history":[{"count":5,"href":"https:\/\/sp6.mikolow.eu\/index.php\/wp-json\/wp\/v2\/posts\/3716\/revisions"}],"predecessor-version":[{"id":3754,"href":"https:\/\/sp6.mikolow.eu\/index.php\/wp-json\/wp\/v2\/posts\/3716\/revisions\/3754"}],"wp:featuredmedia":[{"embeddable":true,"href":"https:\/\/sp6.mikolow.eu\/index.php\/wp-json\/wp\/v2\/media\/3717"}],"wp:attachment":[{"href":"https:\/\/sp6.mikolow.eu\/index.php\/wp-json\/wp\/v2\/media?parent=3716"}],"wp:term":[{"taxonomy":"category","embeddable":true,"href":"https:\/\/sp6.mikolow.eu\/index.php\/wp-json\/wp\/v2\/categories?post=3716"},{"taxonomy":"post_tag","embeddable":true,"href":"https:\/\/sp6.mikolow.eu\/index.php\/wp-json\/wp\/v2\/tags?post=3716"}],"curies":[{"name":"wp","href":"https:\/\/api.w.org\/{rel}","templated":true}]}}