{"id":3813,"date":"2022-11-17T19:49:17","date_gmt":"2022-11-17T19:49:17","guid":{"rendered":"http:\/\/sp6.mikolow.eu\/?p=3813"},"modified":"2022-11-28T19:50:51","modified_gmt":"2022-11-28T19:50:51","slug":"19-dni-przeciwko-przemocy-i-krzywdzeniu","status":"publish","type":"post","link":"https:\/\/sp6.mikolow.eu\/index.php\/2022\/11\/17\/19-dni-przeciwko-przemocy-i-krzywdzeniu\/","title":{"rendered":"19 DNI PRZECIWKO PRZEMOCY I KRZYWDZENIU"},"content":{"rendered":"<div class=\"article-lead main-text\">\n<p style=\"text-align: left;\" align=\"center\"><span style=\"font-family: arial, helvetica, sans-serif;\">olejny raz, w dniach 1-19 listopada nasza szko\u0142a przy\u0142\u0105cza\u0142a si\u0119 do&nbsp;og\u00f3lnopolskiej akcji<\/span><\/p>\n<p style=\"text-align: left;\" align=\"center\"><span style=\"font-family: arial, helvetica, sans-serif;\"><strong>19 DNI PRZECIWKO PRZEMOCY I KRZYWDZENIU<\/strong>.<\/span><\/p>\n<\/div>\n<div class=\"main-text\">\n<p style=\"text-align: left;\" align=\"center\"><span style=\"font-family: arial, helvetica, sans-serif;\">Tegorocznym has\u0142em by\u0142o:<\/span><\/p>\n<p style=\"text-align: left;\" align=\"center\"><span style=\"font-family: arial, helvetica, sans-serif;\">&nbsp;\u201e<strong>STACJA EMPATYCZNI \u2013 RAZEM MAMY MOC\u201d.<\/strong><\/span><\/p>\n<p style=\"text-align: left;\" align=\"center\"><span style=\"font-family: arial, helvetica, sans-serif;\">W trakcie tych dni przeprowadzono zaj\u0119cia warsztatowe w&nbsp;klasach, kt\u00f3rych efektem s\u0105 m.in. plakaty wyeksponowane na korytarzach szkolnych.<\/span><\/p>\n<p style=\"text-align: left;\" align=\"center\"><span style=\"font-family: arial, helvetica, sans-serif;\">Akcjitowarzyszy\u0142 kolor pomara\u0144czowy, w kt\u00f3rym wiele element\u00f3w znalaz\u0142o si\u0119 w&nbsp;przestrzeni szko\u0142y.<\/span><\/p>\n<p style=\"text-align: left;\" align=\"center\"><span style=\"font-family: arial, helvetica, sans-serif;\">Ka\u017cdego dnia staramy si\u0119 wypracowywa\u0107 w sobie postaw\u0119 empatii. By\u0107 lepszym koleg\u0105, kole\u017cank\u0105, uczniem, przyjacielem, nauczycielem, cz\u0142owiekiem\u2026<\/span><\/p>\nngg_shortcode_0_placeholder<\/div>\n","protected":false},"excerpt":{"rendered":"<p>olejny raz, w dniach 1-19 listopada nasza szko\u0142a przy\u0142\u0105cza\u0142a si\u0119 do&nbsp;og\u00f3lnopolskiej akcji 19 DNI PRZECIWKO PRZEMOCY I KRZYWDZENIU. Tegorocznym has\u0142em by\u0142o: &nbsp;\u201eSTACJA EMPATYCZNI \u2013 RAZEM MAMY MOC\u201d. W trakcie tych dni przeprowadzono zaj\u0119cia warsztatowe w&nbsp;klasach, kt\u00f3rych efektem s\u0105 m.in. plakaty wyeksponowane na korytarzach szkolnych. Akcjitowarzyszy\u0142 kolor pomara\u0144czowy, w kt\u00f3rym wiele [&hellip;]<\/p>\n","protected":false},"author":1,"featured_media":3814,"comment_status":"open","ping_status":"open","sticky":false,"template":"","format":"standard","meta":{"ngg_post_thumbnail":0,"footnotes":""},"categories":[1],"tags":[],"class_list":["post-3813","post","type-post","status-publish","format-standard","has-post-thumbnail","hentry","category-uncategorized"],"_links":{"self":[{"href":"https:\/\/sp6.mikolow.eu\/index.php\/wp-json\/wp\/v2\/posts\/3813","targetHints":{"allow":["GET"]}}],"collection":[{"href":"https:\/\/sp6.mikolow.eu\/index.php\/wp-json\/wp\/v2\/posts"}],"about":[{"href":"https:\/\/sp6.mikolow.eu\/index.php\/wp-json\/wp\/v2\/types\/post"}],"author":[{"embeddable":true,"href":"https:\/\/sp6.mikolow.eu\/index.php\/wp-json\/wp\/v2\/users\/1"}],"replies":[{"embeddable":true,"href":"https:\/\/sp6.mikolow.eu\/index.php\/wp-json\/wp\/v2\/comments?post=3813"}],"version-history":[{"count":1,"href":"https:\/\/sp6.mikolow.eu\/index.php\/wp-json\/wp\/v2\/posts\/3813\/revisions"}],"predecessor-version":[{"id":3815,"href":"https:\/\/sp6.mikolow.eu\/index.php\/wp-json\/wp\/v2\/posts\/3813\/revisions\/3815"}],"wp:featuredmedia":[{"embeddable":true,"href":"https:\/\/sp6.mikolow.eu\/index.php\/wp-json\/wp\/v2\/media\/3814"}],"wp:attachment":[{"href":"https:\/\/sp6.mikolow.eu\/index.php\/wp-json\/wp\/v2\/media?parent=3813"}],"wp:term":[{"taxonomy":"category","embeddable":true,"href":"https:\/\/sp6.mikolow.eu\/index.php\/wp-json\/wp\/v2\/categories?post=3813"},{"taxonomy":"post_tag","embeddable":true,"href":"https:\/\/sp6.mikolow.eu\/index.php\/wp-json\/wp\/v2\/tags?post=3813"}],"curies":[{"name":"wp","href":"https:\/\/api.w.org\/{rel}","templated":true}]}}