{"id":3973,"date":"2022-10-09T23:12:49","date_gmt":"2022-10-09T23:12:49","guid":{"rendered":"http:\/\/sp6.mikolow.eu\/?p=3973"},"modified":"2022-12-01T07:15:19","modified_gmt":"2022-12-01T07:15:19","slug":"3b-jak-spedzalismy-czas-w-drugiej-klasie","status":"publish","type":"post","link":"https:\/\/sp6.mikolow.eu\/index.php\/2022\/10\/09\/3b-jak-spedzalismy-czas-w-drugiej-klasie\/","title":{"rendered":"3b Jak sp\u0119dzali\u015bmy czas w drugiej klasie"},"content":{"rendered":"<div class=\"article-lead main-text\">\n<p>Zapraszamy na relacje z naszych dzia\u0142a\u0144\u00a0<img decoding=\"async\" title=\"U\u015bmiech\" src=\"http:\/\/sp6mikolow.szkolnastrona.pl\/panel\/template\/js\/tiny_mce\/plugins\/emotions\/img\/smiley-smile.gif\" alt=\"U\u015bmiech\" border=\"0\" \/><\/p>\n<\/div>\n<div class=\"main-text\">\n<p><a href=\"https:\/\/www.facebook.com\/watch\/?v=584795323293623\" target=\"_blank\" rel=\"noopener\">https:\/\/www.facebook.com\/watch\/?v=584795323293623<\/a><br \/>\n<a href=\"https:\/\/www.facebook.com\/watch\/?v=584795323293623\" target=\"_blank\" rel=\"noopener\">https:\/\/www.facebook.com\/watch\/?v=635577598014217<\/a><\/p>\n<p>Rok szkolny jak zawsze rozpocz\u0119li\u015bmy od Mi\u0119dzynarodowego Dnia Kropki pod has\u0142em ,,Zabawa jest nauk\u0105, nauka zabaw\u0105. Im wi\u0119cej zabawy, tym wi\u0119cej nauki (Glenn Doman). To dla nas wa\u017cny dzie\u0144, bo Kropka rozpoczyna i towarzyszy nam pod has\u0142em :,,Kreatywni przez ca\u0142y rok. Dowiedzieli\u015bmy si\u0119 jak mo\u017cemy wykorzysta\u0107 plastikowe nakr\u0119tki do gier, malowali\u015bmy jednocze\u015bnie obiema r\u0119kami, a potem 10-cioma palcami :).<br \/>\nRobili\u015bmy m.in. slimy, gniotki, malowali\u015bmy obrazy s\u0142awnych malarzy, wyszywali\u015bmy i ozdabiali\u015bmy torty, projektowali\u015bmy ogrody, a tak\u017ce sk\u0142adali\u015bmy emotikonkowe i kosmiczne piek\u0142o &#8211; niebo, poznawali\u015bmy i rysowali\u015bmy najwa\u017cniejsze miejsca i obiekty Miko\u0142owa. Wykonali\u015bmy ponad 50! prezent\u00f3w dla naszych Bab\u0107 i Dziadk\u00f3w z okazji Ich \u015bwi\u0119ta &#8211; uszyli\u015bmy etui na okulary i zak\u0142adk\u0119 do ksi\u0105\u017cki z filcu. Nie zapomnieli\u015bmy o Mamie i Tacie &#8211; przygotowali\u015bmy zak\u0142adki z odciskiem kciuka oraz kamyczki szcz\u0119\u015bcia i karty wdzi\u0119czno\u015bci.<\/p>\n<p>W ramach ,,Pami\u0119tamy o innych w\u0142\u0105czyli\u015bmy si\u0119 aktywnie w akcj\u0119 Szlachetna Paczka, odwiedzili\u015bmy pobliski cmentarz oraz wykonali\u015bmy prezent dla naszych najm\u0142odszych koleg\u00f3w. Utrwalili\u015bmy i poznali\u015bmy nowe fakty z historii Polski.<br \/>\nPrzygotowali\u015bmy uroczysto\u015bci: dla Bab\u0107, Dziadk\u00f3w i Mam z okazji Ich \u015bwi\u0119ta. Go\u015bcili\u015bmy r\u00f3wnie\u017c na lekcji uczni\u00f3w z pobliskiego Zespo\u0142u Szk\u00f3\u0142.<br \/>\n<a href=\"https:\/\/www.facebook.com\/zs2mikolow\/videos\/5592652060766595\" target=\"_blank\" rel=\"noopener\">https:\/\/www.facebook.com\/zs2mikolow\/videos\/5592652060766595<\/a><\/p>\n<p>Byli\u015bmy na dw\u00f3ch wycieczkach: w teatrze w Chorzowie i B\u0119dzinie. Odwiedzili\u015bmy Ogr\u00f3d Botaniczny w ramach akcji ,,Miko\u0142\u00f3w dla klimatu. Wykonywali\u015bmy prace i podejmowali\u015bmy r\u00f3\u017cnorodne dzia\u0142ania w ramach ,,Co mog\u0119 zrobi\u0107 dla klimatu. Wsp\u00f3lnie z innymi sprz\u0105tali\u015bmy nasz\u0105 najbli\u017csz\u0105 okolic\u0119.<\/p>\n<p>,,Uczymy si\u0119 od innych &#8211; w ramach tych zaj\u0119\u0107 nauczyli\u015bmy si\u0119 od kole\u017canek: jak zrobi\u0107 makram\u0119, poznali\u015bmy j\u0119zyk migowy oraz m\u00f3wik. Rozmawiali\u015bmy o r\u00f3\u017cnych stopniach niepe\u0142nosprawno\u015bci.<br \/>\n,,Dziecko, kt\u00f3re czyta staje si\u0119 doros\u0142ym, kt\u00f3ry my\u015bli tu m.in. uczestniczyli\u015bmy w szkolnym Konkursie Czytelniczym, przedstawiali\u015bmy swoje ulubione bajki podczas Dnia Postaci z bajek. Nowe, ciekawe propozycje s\u0142uchali\u015bmy i czytali\u015bmy podczas lekcji oraz dzielili\u015bmy si\u0119 wiedz\u0105 na temat tych przeczytanych w domu.<br \/>\nUroczy\u015bcie \u015bwi\u0119towali\u015bmy Dzie\u0144 Ch\u0142opaka oraz Dzie\u0144 Dziecka.<\/p>\n<p><a href=\"https:\/\/www.facebook.com\/watch\/?v=566847158141369\" target=\"_blank\" rel=\"noopener\">https:\/\/www.facebook.com\/watch\/?v=566847158141369<\/a><\/p>\n<p>W kolejnej misji uczestniczyli\u015bmy podczas ,,Nocowania w szkole. Mieli\u015bmy r\u00f3wnie\u017c okazj\u0119 \u00a0pogra\u0107 w gry planszowe, ogl\u0105dn\u0105\u0107 bajki na starym projektorze. Przed snem s\u0142uchali\u015bmy tych, czytanych przez pani\u0105 Ani\u0119, a do snu usypia\u0142a nas muzyka relaksacyjna. Rano podzielili\u015bmy si\u0119 na grupy: jedna porz\u0105dkowa\u0142a sal\u0119, druga przygotowywa\u0142a \u015bniadanie.<br \/>\n,,Jak opanowa\u0107 tabliczk\u0119 mno\u017cenia &#8211; poznali\u015bmy r\u00f3\u017cnorodne formy jej zapami\u0119tania: karty do gry, karty Grabowskiego, Uno, domino oraz gry online. Mierzyli\u015bmy, wa\u017cyli\u015bmy si\u0119 i przedmioty wok\u00f3\u0142 nas.<br \/>\nDo rozpoznawania drzew w okolicy naszej szko\u0142y, projektu ,,Co mam w \u015brodku? oraz matematyki &#8211; u\u017cyli\u015bmy telefon\u00f3w, szkolnych tablet\u00f3w i aplikacji Google.<br \/>\n\u0106wiczyli\u015bmy Uwa\u017cno\u015b\u0107 \u017cabki, s\u0142uchali\u015bmy muzyki relaksacyjnej, poznali\u015bmy sposoby na roz\u0142adowanie z\u0142o\u015bci\/stresu, radzenia sobie z trudnymi emocjami oraz wiele innych, a to wszystko m.in. w ramach mi\u0119dzynarodowego programu promocji zdrowia psychicznego ,,Przyjaciele Zippiego, z wykorzystaniem propozycji programu Aktywny powr\u00f3t do szko\u0142y WF z AWF oraz programu edukacyjnego Uniwersytet Dzieci w klasie-Ciekawscy Drugoklasi\u015bci-Ile wiedzy zmie\u015bci si\u0119 w g\u0142owie?.<\/p>\n<p>Teraz nowy, ostatni rok przed Nami!<\/p>\n<\/div>\n","protected":false},"excerpt":{"rendered":"<p>Zapraszamy na relacje z naszych dzia\u0142a\u0144\u00a0 https:\/\/www.facebook.com\/watch\/?v=584795323293623 https:\/\/www.facebook.com\/watch\/?v=635577598014217 Rok szkolny jak zawsze rozpocz\u0119li\u015bmy od Mi\u0119dzynarodowego Dnia Kropki pod has\u0142em ,,Zabawa jest nauk\u0105, nauka zabaw\u0105. Im wi\u0119cej zabawy, tym wi\u0119cej nauki (Glenn Doman). To dla nas wa\u017cny dzie\u0144, bo Kropka rozpoczyna i towarzyszy nam pod has\u0142em :,,Kreatywni przez ca\u0142y rok. Dowiedzieli\u015bmy [&hellip;]<\/p>\n","protected":false},"author":3,"featured_media":0,"comment_status":"open","ping_status":"open","sticky":false,"template":"","format":"standard","meta":{"ngg_post_thumbnail":0,"footnotes":""},"categories":[1],"tags":[],"class_list":["post-3973","post","type-post","status-publish","format-standard","hentry","category-uncategorized"],"_links":{"self":[{"href":"https:\/\/sp6.mikolow.eu\/index.php\/wp-json\/wp\/v2\/posts\/3973","targetHints":{"allow":["GET"]}}],"collection":[{"href":"https:\/\/sp6.mikolow.eu\/index.php\/wp-json\/wp\/v2\/posts"}],"about":[{"href":"https:\/\/sp6.mikolow.eu\/index.php\/wp-json\/wp\/v2\/types\/post"}],"author":[{"embeddable":true,"href":"https:\/\/sp6.mikolow.eu\/index.php\/wp-json\/wp\/v2\/users\/3"}],"replies":[{"embeddable":true,"href":"https:\/\/sp6.mikolow.eu\/index.php\/wp-json\/wp\/v2\/comments?post=3973"}],"version-history":[{"count":1,"href":"https:\/\/sp6.mikolow.eu\/index.php\/wp-json\/wp\/v2\/posts\/3973\/revisions"}],"predecessor-version":[{"id":3974,"href":"https:\/\/sp6.mikolow.eu\/index.php\/wp-json\/wp\/v2\/posts\/3973\/revisions\/3974"}],"wp:attachment":[{"href":"https:\/\/sp6.mikolow.eu\/index.php\/wp-json\/wp\/v2\/media?parent=3973"}],"wp:term":[{"taxonomy":"category","embeddable":true,"href":"https:\/\/sp6.mikolow.eu\/index.php\/wp-json\/wp\/v2\/categories?post=3973"},{"taxonomy":"post_tag","embeddable":true,"href":"https:\/\/sp6.mikolow.eu\/index.php\/wp-json\/wp\/v2\/tags?post=3973"}],"curies":[{"name":"wp","href":"https:\/\/api.w.org\/{rel}","templated":true}]}}