{"id":5739,"date":"2023-12-20T08:24:58","date_gmt":"2023-12-20T08:24:58","guid":{"rendered":"https:\/\/sp6.mikolow.eu\/?p=5739"},"modified":"2023-12-20T08:24:58","modified_gmt":"2023-12-20T08:24:58","slug":"final-szlachetnej-paczki-2023","status":"publish","type":"post","link":"https:\/\/sp6.mikolow.eu\/index.php\/2023\/12\/20\/final-szlachetnej-paczki-2023\/","title":{"rendered":"Fina\u0142 Szlachetnej Paczki 2023"},"content":{"rendered":"<p>Weekend Cud\u00f3w czyli Fina\u0142 Szlachetnej Paczki<\/p>\n<p>Sobotni poranek nale\u017ca\u0142 do tych bardzo radosnych, a to za spraw\u0105 Prezentu jaki podarowali\u015bcie Pa\u0144stwo Rodzinie.&nbsp;<\/p>\n<p>Paczk\u0119 dostarczyli\u015bmy do magazynu OSP w \u017borach, gdzie czeka\u0142a na nas grupa wolontariuszy. W niedziel\u0119 zosta\u0142a przekazana Rodzinie.<\/p>\n<p>Dedykowan\u0105 przez Pa\u0144stwa pomoc spakowali\u015bmy do 35 paczek!<\/p>\n<p>Liczba imponuj\u0105ca, a ich zawarto\u015b\u0107 jeszcze bardziej. Trudno wymieni\u0107, o ilu rzeczach Pa\u0144stwo pami\u0119tali\u015bcie. Wszystko z pewno\u015bci\u0105 bardzo si\u0119 przyda.<\/p>\n<p>Jak zawsze nie zapomnieli\u015bmy o przekazaniu s\u0142\u00f3w wsparcia i \u017cycze\u0144 od Pa\u0144stwa w li\u015bcie skierowanym do Rodziny. Opisali\u015bmy w nim r\u00f3wnie\u017c wszystkie dzia\u0142ania i osoby tworz\u0105ce paczkowe cuda.<\/p>\n<p>W tym roku postanowili\u015bmy zapakowa\u0107 prezenty ekologicznie, kreatywnie, ze \u015bladem os\u00f3b, kt\u00f3re j\u0105 tworzy\u0142y. Reprezentanci klas oraz dzieci z Przedszkola nr 6 im. Krasnala Ha\u0142aba\u0142y odcisn\u0119li swoje d\u0142onie dekoruj\u0105c paczki weso\u0142ymi miko\u0142ajami .<\/p>\n<p>Zakres pomocy, tempo wyboru potrzeb na li\u015bcie oraz czas ich dostarczania pokaza\u0142, \u017ce Jeste\u015bcie ju\u017c Pa\u0144stwo Mistrzami pomagania (emotka wdzi\u0119czny ) .<\/p>\n<p>Dzi\u0119kujemy ca\u0142ej Spo\u0142eczno\u015bci Borowej Wsi, za dobro\u0107, okazane serce, ch\u0119\u0107 pomocy i jak zawsze, ogromne zaanga\u017cowanie :<\/p>\n<p>Wszystkim Darczy\u0144com, tym od kt\u00f3rych odbierali\u015bmy paczki i tym Anonimowym<\/p>\n<p>Klasowym Radom Rodzic\u00f3w<\/p>\n<p>Pani Justynce i Ilonie za koordynowanie zbi\u00f3rki w Przedszkolu<\/p>\n<p>Rodzicom i ich Rodzinom, Znajomym za przekazane dary<\/p>\n<p>Sklepowi Delikatesy Centrum<\/p>\n<p>Restauracji Valdi<\/p>\n<p>Pani Dominice i Radzie Rodzic\u00f3w za koordynowanie zbi\u00f3rki<\/p>\n<p>Pani Blandynie i Wolontariuszom: Lilce, Maksowi, (kt\u00f3rzy do wieczora dzielnie pakowali z nami przez dwa dni) oraz Zosi, Julce i Oskarowi za pomoc w pakowaniu<\/p>\n<p>Uczniom klasy 7b za spakowanie paczki do przewozu<\/p>\n<p>Panu Przemkowi za ich przewiezienie<\/p>\n<p>Pani Agnieszce za pomoc i wsparcie<\/p>\n<p>Pani Beatce za pami\u0119\u0107 o pude\u0142kach niezb\u0119dnych do zapakowania dar\u00f3w \ud83d\ude42<\/p>\n<p>Pani Dyrektor i Nauczycielom za udzia\u0142 w zbi\u00f3rce.<\/p>\n<p>Z serdecznymi \u017cyczeniami zdrowia, spokoju oraz wszelkiej pomy\u015blno\u015bci&nbsp; &nbsp; &nbsp; &nbsp;<\/p>\n<p>W imieniu Koordynator\u00f3w<\/p>\n<p>Iwona Kirsz-K\u0105sek<\/p>\nngg_shortcode_0_placeholder<!--more--><\/p>\n","protected":false},"excerpt":{"rendered":"<p>Weekend Cud\u00f3w czyli Fina\u0142 Szlachetnej Paczki Sobotni poranek nale\u017ca\u0142 do tych bardzo radosnych, a to za spraw\u0105 Prezentu jaki podarowali\u015bcie Pa\u0144stwo Rodzinie.&nbsp; Paczk\u0119 dostarczyli\u015bmy do magazynu OSP w \u017borach, gdzie czeka\u0142a na nas grupa wolontariuszy. W niedziel\u0119 zosta\u0142a przekazana Rodzinie. Dedykowan\u0105 przez Pa\u0144stwa pomoc spakowali\u015bmy do 35 paczek! Liczba imponuj\u0105ca, [&hellip;]<\/p>\n","protected":false},"author":2,"featured_media":0,"comment_status":"open","ping_status":"open","sticky":false,"template":"","format":"standard","meta":{"ngg_post_thumbnail":0,"footnotes":""},"categories":[1],"tags":[],"class_list":["post-5739","post","type-post","status-publish","format-standard","hentry","category-uncategorized"],"_links":{"self":[{"href":"https:\/\/sp6.mikolow.eu\/index.php\/wp-json\/wp\/v2\/posts\/5739","targetHints":{"allow":["GET"]}}],"collection":[{"href":"https:\/\/sp6.mikolow.eu\/index.php\/wp-json\/wp\/v2\/posts"}],"about":[{"href":"https:\/\/sp6.mikolow.eu\/index.php\/wp-json\/wp\/v2\/types\/post"}],"author":[{"embeddable":true,"href":"https:\/\/sp6.mikolow.eu\/index.php\/wp-json\/wp\/v2\/users\/2"}],"replies":[{"embeddable":true,"href":"https:\/\/sp6.mikolow.eu\/index.php\/wp-json\/wp\/v2\/comments?post=5739"}],"version-history":[{"count":1,"href":"https:\/\/sp6.mikolow.eu\/index.php\/wp-json\/wp\/v2\/posts\/5739\/revisions"}],"predecessor-version":[{"id":5740,"href":"https:\/\/sp6.mikolow.eu\/index.php\/wp-json\/wp\/v2\/posts\/5739\/revisions\/5740"}],"wp:attachment":[{"href":"https:\/\/sp6.mikolow.eu\/index.php\/wp-json\/wp\/v2\/media?parent=5739"}],"wp:term":[{"taxonomy":"category","embeddable":true,"href":"https:\/\/sp6.mikolow.eu\/index.php\/wp-json\/wp\/v2\/categories?post=5739"},{"taxonomy":"post_tag","embeddable":true,"href":"https:\/\/sp6.mikolow.eu\/index.php\/wp-json\/wp\/v2\/tags?post=5739"}],"curies":[{"name":"wp","href":"https:\/\/api.w.org\/{rel}","templated":true}]}}